{"id":1,"name":"Fot K","url":"https:\/\/fotk.fr","description":"Vincent Kri\u00e9ger photographe professionnel pour les entreprises sur Paris.\r\nCorporate, Industriel, Ev\u00e9nementiel, BTP, Architecture\r\nPhotographe ind\u00e9pendant sp\u00e9cialis\u00e9 dans les visuels institutionnels, je vous accompagne pour r\u00e9aliser les prises de vues destin\u00e9es \u00e0 toutes vos communications, internes ou externes.","link":"https:\/\/fotk.fr\/sport\/author\/20100krieger\/","slug":"20100krieger","avatar_urls":{"24":"https:\/\/secure.gravatar.com\/avatar\/21929888bfdb44bbec00297c1077c47f8dea6064ce3b07b20373ad4f0489fe83?s=24&d=mm&r=g","48":"https:\/\/secure.gravatar.com\/avatar\/21929888bfdb44bbec00297c1077c47f8dea6064ce3b07b20373ad4f0489fe83?s=48&d=mm&r=g","96":"https:\/\/secure.gravatar.com\/avatar\/21929888bfdb44bbec00297c1077c47f8dea6064ce3b07b20373ad4f0489fe83?s=96&d=mm&r=g"},"meta":[],"yoast_head":null,"yoast_head_json":null,"_links":{"self":[{"href":"https:\/\/fotk.fr\/sport\/wp-json\/wp\/v2\/users\/1","targetHints":{"allow":["GET"]}}],"collection":[{"href":"https:\/\/fotk.fr\/sport\/wp-json\/wp\/v2\/users"}]}}